{"id":48122,"date":"2026-01-07T01:33:00","date_gmt":"2026-01-07T00:33:00","guid":{"rendered":"https:\/\/movilex.es\/movilex-economia-circular-para-impulsionar-o-desenvolvimento-local\/"},"modified":"2026-02-22T10:13:06","modified_gmt":"2026-02-22T09:13:06","slug":"movilex-economia-circular-para-impulsionar-o-desenvolvimento-local","status":"publish","type":"post","link":"https:\/\/movilex.es\/pt-pt\/movilex-economia-circular-para-impulsionar-o-desenvolvimento-local\/","title":{"rendered":"Movilex: economia circular para impulsionar o desenvolvimento local"},"content":{"rendered":"\n<p>A empresa de gest\u00e3o de res\u00edduos tecnol\u00f3gicos fomenta o emprego local e a forma\u00e7\u00e3o nos pequenos munic\u00edpios onde possui f\u00e1bricas.<\/p>\n\n<p>A unidade que a empresa espanhola de gest\u00e3o de res\u00edduos tecnol\u00f3gicos <strong>Movilex<\/strong> possui na localidade de Lob\u00f3n (Badajoz) emprega 54 dos 2.734 habitantes do munic\u00edpio, o que contribui para o desenvolvimento econ\u00f3mico local e para o fortalecimento do tecido produtivo.<\/p>\n\n<p><a href=\"https:\/\/www.expansion.com\/economia-sostenible\/2026\/01\/07\/694e631de5fdea4e5e8b4598.html\" target=\"_blank\" rel=\"noreferrer noopener\">https:\/\/www.expansion.com\/economia-sostenible\/2026\/01\/07\/694e631de5fdea4e5e8b4598<\/a><a href=\"https:\/\/www.expansion.com\/economia-sostenible\/2026\/01\/07\/694e631de5fdea4e5e8b4598.html\" target=\"_blank\" rel=\"noopener\">.html<\/a><\/p>\n","protected":false},"excerpt":{"rendered":"<p>A empresa de gest\u00e3o de res\u00edduos tecnol\u00f3gicos fomenta o emprego local e a forma\u00e7\u00e3o nos pequenos munic\u00edpios onde possui f\u00e1bricas. A unidade que a empresa espanhola de gest\u00e3o de res\u00edduos&hellip;<\/p>\n","protected":false},"author":1,"featured_media":48088,"comment_status":"closed","ping_status":"closed","sticky":false,"template":"","format":"standard","meta":{"footnotes":""},"categories":[279],"tags":[288,289,280,281],"class_list":["post-48122","post","type-post","status-publish","format-standard","has-post-thumbnail","hentry","category-noticias","tag-branding","tag-corporativo","tag-movilex","tag-reciclagem"],"_links":{"self":[{"href":"https:\/\/movilex.es\/pt-pt\/wp-json\/wp\/v2\/posts\/48122","targetHints":{"allow":["GET"]}}],"collection":[{"href":"https:\/\/movilex.es\/pt-pt\/wp-json\/wp\/v2\/posts"}],"about":[{"href":"https:\/\/movilex.es\/pt-pt\/wp-json\/wp\/v2\/types\/post"}],"author":[{"embeddable":true,"href":"https:\/\/movilex.es\/pt-pt\/wp-json\/wp\/v2\/users\/1"}],"replies":[{"embeddable":true,"href":"https:\/\/movilex.es\/pt-pt\/wp-json\/wp\/v2\/comments?post=48122"}],"version-history":[{"count":1,"href":"https:\/\/movilex.es\/pt-pt\/wp-json\/wp\/v2\/posts\/48122\/revisions"}],"predecessor-version":[{"id":48123,"href":"https:\/\/movilex.es\/pt-pt\/wp-json\/wp\/v2\/posts\/48122\/revisions\/48123"}],"wp:featuredmedia":[{"embeddable":true,"href":"https:\/\/movilex.es\/pt-pt\/wp-json\/wp\/v2\/media\/48088"}],"wp:attachment":[{"href":"https:\/\/movilex.es\/pt-pt\/wp-json\/wp\/v2\/media?parent=48122"}],"wp:term":[{"taxonomy":"category","embeddable":true,"href":"https:\/\/movilex.es\/pt-pt\/wp-json\/wp\/v2\/categories?post=48122"},{"taxonomy":"post_tag","embeddable":true,"href":"https:\/\/movilex.es\/pt-pt\/wp-json\/wp\/v2\/tags?post=48122"}],"curies":[{"name":"wp","href":"https:\/\/api.w.org\/{rel}","templated":true}]}}